{"id":6893,"date":"2022-07-04T19:50:40","date_gmt":"2022-07-04T17:50:40","guid":{"rendered":"https:\/\/stefline.com\/?p=6893"},"modified":"2022-07-04T19:53:53","modified_gmt":"2022-07-04T17:53:53","slug":"stefline-radio-programmation-estivale","status":"publish","type":"post","link":"https:\/\/stefline.com\/index.php\/2022\/07\/04\/stefline-radio-programmation-estivale\/","title":{"rendered":"Stefline Radio : Programmation Estivale"},"content":{"rendered":"<p style=\"text-align: center;\">Comme tous les ans, les animateurs de Stefline Radio vont recharger leur batterie pour vous pr\u00e9parer des programmes pour la saison \u00e0 venir.<\/p>\n<p style=\"text-align: center;\">Stefline Radio, vous propose pendant cet \u00e9t\u00e9, une playlist de tous les Hits des ann\u00e9es 80&rsquo;s \u00e0 aujourd&rsquo;hui accompagn\u00e9 d&rsquo;artistes de la r\u00e9gion Nantaise.<\/p>\n<p style=\"text-align: center;\">Stefline Radio, la Premi\u00e8re Webradio Associative du Vignoble Nantais est la seule RADIOOOooo \u00e0 vous proposer cette programmation dans la r\u00e9gion Nantaise<\/p>\n<p><img fetchpriority=\"high\" decoding=\"async\" class=\"alignnone size-medium wp-image-6226 aligncenter\" src=\"https:\/\/stefline.com\/wp-content\/uploads\/2021\/09\/Hits-for-ever-770x513.jpg\" alt=\"\" width=\"770\" height=\"513\" srcset=\"https:\/\/stefline.com\/wp-content\/uploads\/2021\/09\/Hits-for-ever-770x513.jpg 770w, https:\/\/stefline.com\/wp-content\/uploads\/2021\/09\/Hits-for-ever-1170x780.jpg 1170w, https:\/\/stefline.com\/wp-content\/uploads\/2021\/09\/Hits-for-ever-768x512.jpg 768w, https:\/\/stefline.com\/wp-content\/uploads\/2021\/09\/Hits-for-ever.jpg 1200w\" sizes=\"(max-width: 770px) 100vw, 770px\" \/><\/p>\n","protected":false},"excerpt":{"rendered":"<p>Comme tous les ans, les animateurs de Stefline Radio vont recharger leur batterie pour vous pr\u00e9parer des programmes pour la saison \u00e0 venir. Stefline Radio, vous propose pendant cet \u00e9t\u00e9, une playlist de tous les Hits des ann\u00e9es 80&rsquo;s \u00e0 aujourd&rsquo;hui accompagn\u00e9 d&rsquo;artistes de la r\u00e9gion Nantaise. Stefline Radio, la ...<\/p>\n","protected":false},"author":1,"featured_media":0,"comment_status":"open","ping_status":"open","sticky":false,"template":"","format":"standard","meta":{"give_campaign_id":0,"_monsterinsights_skip_tracking":false,"_monsterinsights_sitenote_active":false,"_monsterinsights_sitenote_note":"","_monsterinsights_sitenote_category":0,"footnotes":""},"categories":[17,1],"tags":[],"class_list":["post-6893","post","type-post","status-publish","format-standard","hentry","category-news","category-non-classe"],"aioseo_notices":[],"_links":{"self":[{"href":"https:\/\/stefline.com\/index.php\/wp-json\/wp\/v2\/posts\/6893","targetHints":{"allow":["GET"]}}],"collection":[{"href":"https:\/\/stefline.com\/index.php\/wp-json\/wp\/v2\/posts"}],"about":[{"href":"https:\/\/stefline.com\/index.php\/wp-json\/wp\/v2\/types\/post"}],"author":[{"embeddable":true,"href":"https:\/\/stefline.com\/index.php\/wp-json\/wp\/v2\/users\/1"}],"replies":[{"embeddable":true,"href":"https:\/\/stefline.com\/index.php\/wp-json\/wp\/v2\/comments?post=6893"}],"version-history":[{"count":1,"href":"https:\/\/stefline.com\/index.php\/wp-json\/wp\/v2\/posts\/6893\/revisions"}],"predecessor-version":[{"id":6894,"href":"https:\/\/stefline.com\/index.php\/wp-json\/wp\/v2\/posts\/6893\/revisions\/6894"}],"wp:attachment":[{"href":"https:\/\/stefline.com\/index.php\/wp-json\/wp\/v2\/media?parent=6893"}],"wp:term":[{"taxonomy":"category","embeddable":true,"href":"https:\/\/stefline.com\/index.php\/wp-json\/wp\/v2\/categories?post=6893"},{"taxonomy":"post_tag","embeddable":true,"href":"https:\/\/stefline.com\/index.php\/wp-json\/wp\/v2\/tags?post=6893"}],"curies":[{"name":"wp","href":"https:\/\/api.w.org\/{rel}","templated":true}]}}